{"headers": {"id": "ID", "ano": "Ano", "numero": "N\u00famero", "tipo__sigla": "Tipo de Mat\u00e9ria Legislativa/Sigla", "tipo__descricao": "Tipo de Mat\u00e9ria Legislativa/Descri\u00e7\u00e3o", "autoria": "Autorias", "texto_original": "Texto Original", "ementa": "Ementa"}, "results": [{"id": "4311", "ano": "2026", "numero": "1", "tipo__sigla": "IND", "tipo__descricao": "Indica\u00e7\u00e3o", "autoria": "Bressa, Cleiton Roberto, Lucas Dendevitz, Milton Ticaca", "texto_original": "http://sapl.pariqueraacu.sp.leg.br/media/sapl/public/materialegislativa/2026/4311/ind_001_2026.pdf", "ementa": "INDICA a manuten\u00e7\u00e3o e cobertura do ponto de \u00f4nibus na entrada do Bairro Angatuba."}, {"id": "4312", "ano": "2026", "numero": "2", "tipo__sigla": "IND", "tipo__descricao": "Indica\u00e7\u00e3o", "autoria": "Bressa, Cleiton Roberto, Lucas Dendevitz, Milton Ticaca", "texto_original": "http://sapl.pariqueraacu.sp.leg.br/media/sapl/public/materialegislativa/2026/4312/ind_002_2026.pdf", "ementa": "INDICA a constru\u00e7\u00e3o de ponto de \u00f4nibus na entrada do Bairro Conchal"}, {"id": "4313", "ano": "2026", "numero": "3", "tipo__sigla": "IND", "tipo__descricao": "Indica\u00e7\u00e3o", "autoria": "Bressa, Cleiton Roberto, Lucas Dendevitz, Milton Ticaca", "texto_original": "http://sapl.pariqueraacu.sp.leg.br/media/sapl/public/materialegislativa/2026/4313/ind_003_2026.pdf", "ementa": "INDICA a realiza\u00e7\u00e3o de estudos com a finalidade de promover a atualiza\u00e7\u00e3o e o aumento da remunera\u00e7\u00e3o dos Conselheiros Tutelares do Munic\u00edpio."}, {"id": "4314", "ano": "2026", "numero": "4", "tipo__sigla": "IND", "tipo__descricao": "Indica\u00e7\u00e3o", "autoria": "Bressa, Cleiton Roberto, Lucas Dendevitz, Milton Ticaca", "texto_original": "http://sapl.pariqueraacu.sp.leg.br/media/sapl/public/materialegislativa/2026/4314/ind_004_2026.pdf", "ementa": "INDICA a instala\u00e7\u00e3o de aparelhos de ar-condicionado em todas as escolas da rede municipal."}, {"id": "4315", "ano": "2026", "numero": "5", "tipo__sigla": "IND", "tipo__descricao": "Indica\u00e7\u00e3o", "autoria": "Bressa, Cleiton Roberto, Lucas Dendevitz, Milena Coimbra", "texto_original": "http://sapl.pariqueraacu.sp.leg.br/media/sapl/public/materialegislativa/2026/4315/ind_005_2026.pdf", "ementa": "INDICA a instala\u00e7\u00e3o de aparelhos de ar-condicionado na creche municipal"}, {"id": "4316", "ano": "2026", "numero": "6", "tipo__sigla": "IND", "tipo__descricao": "Indica\u00e7\u00e3o", "autoria": "Bressa", "texto_original": "http://sapl.pariqueraacu.sp.leg.br/media/sapl/public/materialegislativa/2026/4316/ind_006_2026.pdf", "ementa": "INDICA a distribui\u00e7\u00e3o de uniformes escolares aos alunos da rede municipal."}, {"id": "4317", "ano": "2026", "numero": "7", "tipo__sigla": "IND", "tipo__descricao": "Indica\u00e7\u00e3o", "autoria": "Bressa, Cleiton Roberto, Lucas Dendevitz, Milton Ticaca", "texto_original": "http://sapl.pariqueraacu.sp.leg.br/media/sapl/public/materialegislativa/2026/4317/ind_007_2026.pdf", "ementa": "INDICA a  limpeza e manuten\u00e7\u00e3o das margens dos rios do Munic\u00edpio"}, {"id": "4318", "ano": "2026", "numero": "8", "tipo__sigla": "IND", "tipo__descricao": "Indica\u00e7\u00e3o", "autoria": "Benedicto Martins, Bressa, Lucas Dendevitz, Milton Ticaca", "texto_original": "http://sapl.pariqueraacu.sp.leg.br/media/sapl/public/materialegislativa/2026/4318/ind_008_2026.pdf", "ementa": "INDICA a limpeza e manuten\u00e7\u00e3o dos bueiros e dos canais de escoamento de \u00e1guas pluviais do Munic\u00edpio"}, {"id": "4319", "ano": "2026", "numero": "9", "tipo__sigla": "IND", "tipo__descricao": "Indica\u00e7\u00e3o", "autoria": "Bressa, Cleiton Roberto, Lucas Dendevitz, Milton Ticaca", "texto_original": "http://sapl.pariqueraacu.sp.leg.br/media/sapl/public/materialegislativa/2026/4319/ind_009_2026.pdf", "ementa": "INDICA o aumento salarial dos Agentes Comunit\u00e1rios de Sa\u00fade do Munic\u00edpio"}, {"id": "4324", "ano": "2026", "numero": "10", "tipo__sigla": "IND", "tipo__descricao": "Indica\u00e7\u00e3o", "autoria": "Bressa, Cleiton Roberto, Lucas Dendevitz, Milton Ticaca", "texto_original": "http://sapl.pariqueraacu.sp.leg.br/media/sapl/public/materialegislativa/2026/4324/ind_010_2026.pdf", "ementa": "INDICA a contrata\u00e7\u00e3o de m\u00e9dico pediatra."}, {"id": "4325", "ano": "2026", "numero": "11", "tipo__sigla": "IND", "tipo__descricao": "Indica\u00e7\u00e3o", "autoria": "Bressa, Cleiton Roberto, Lucas Dendevitz, Milton Ticaca", "texto_original": "http://sapl.pariqueraacu.sp.leg.br/media/sapl/public/materialegislativa/2026/4325/ind_011_2026.pdf", "ementa": "INDICA a contrata\u00e7\u00e3o de m\u00e9dico ginecologista"}, {"id": "4326", "ano": "2026", "numero": "12", "tipo__sigla": "IND", "tipo__descricao": "Indica\u00e7\u00e3o", "autoria": "Bressa, Cleiton Roberto, Lucas Dendevitz, Milton Ticaca", "texto_original": "http://sapl.pariqueraacu.sp.leg.br/media/sapl/public/materialegislativa/2026/4326/ind_012_2026.pdf", "ementa": "INDICA a a instala\u00e7\u00e3o de 01 (um) redutor de velocidade (lombada) na Rua do Bal\u00e3o."}, {"id": "4327", "ano": "2026", "numero": "13", "tipo__sigla": "IND", "tipo__descricao": "Indica\u00e7\u00e3o", "autoria": "Bressa, Cleiton Roberto, Lucas Dendevitz, Milton Ticaca", "texto_original": "http://sapl.pariqueraacu.sp.leg.br/media/sapl/public/materialegislativa/2026/4327/ind_013_2026.pdf", "ementa": "INDICA a aloca\u00e7\u00e3o de 01 (um) ve\u00edculo para o Departamento de Tr\u00e2nsito."}, {"id": "4328", "ano": "2026", "numero": "14", "tipo__sigla": "IND", "tipo__descricao": "Indica\u00e7\u00e3o", "autoria": "Bressa, Cleiton Roberto, Lucas Dendevitz, Milton Ticaca", "texto_original": "http://sapl.pariqueraacu.sp.leg.br/media/sapl/public/materialegislativa/2026/4328/ind_014_2026.pdf", "ementa": "INDICA a manuten\u00e7\u00e3o da ilumina\u00e7\u00e3o da pra\u00e7a localizada em frente \u00e0 Creche Municipal"}, {"id": "4338", "ano": "2026", "numero": "15", "tipo__sigla": "IND", "tipo__descricao": "Indica\u00e7\u00e3o", "autoria": "Bressa, Cleiton Roberto, Lucas Dendevitz, Milton Ticaca", "texto_original": "http://sapl.pariqueraacu.sp.leg.br/media/sapl/public/materialegislativa/2026/4338/ind_15_2026.pdf", "ementa": "INDICA a disponibilidade de curso de inform\u00e1tica na zona rural."}, {"id": "4339", "ano": "2026", "numero": "16", "tipo__sigla": "IND", "tipo__descricao": "Indica\u00e7\u00e3o", "autoria": "Bressa, Cleiton Roberto, Lucas Dendevitz, Milton Ticaca", "texto_original": "http://sapl.pariqueraacu.sp.leg.br/media/sapl/public/materialegislativa/2026/4339/ind_16_2026.pdf", "ementa": "INDICA a limpeza e ro\u00e7ada das ruas do Distrito Industrial"}, {"id": "4340", "ano": "2026", "numero": "17", "tipo__sigla": "IND", "tipo__descricao": "Indica\u00e7\u00e3o", "autoria": "Bressa, Cleiton Roberto, Lucas Dendevitz, Milton Ticaca", "texto_original": "http://sapl.pariqueraacu.sp.leg.br/media/sapl/public/materialegislativa/2026/4340/ind_17_2026.pdf", "ementa": "INDICA o recapeamento da Rua Bernadino de Ramos."}, {"id": "4343", "ano": "2026", "numero": "18", "tipo__sigla": "IND", "tipo__descricao": "Indica\u00e7\u00e3o", "autoria": "Enfermeira Talita", "texto_original": "http://sapl.pariqueraacu.sp.leg.br/media/sapl/public/materialegislativa/2026/4343/ind_018_2026.pdf", "ementa": "INDICA a constru\u00e7\u00e3o de uma pista de skate na Vila S\u00e3o Jo\u00e3o"}, {"id": "4344", "ano": "2026", "numero": "19", "tipo__sigla": "IND", "tipo__descricao": "Indica\u00e7\u00e3o", "autoria": "Enfermeira Talita", "texto_original": "http://sapl.pariqueraacu.sp.leg.br/media/sapl/public/materialegislativa/2026/4344/ind_019_2026.pdf", "ementa": "INDICA a constru\u00e7\u00e3o de uma academia ao ar livre na Vila S\u00e3o Jo\u00e3o"}, {"id": "4345", "ano": "2026", "numero": "20", "tipo__sigla": "IND", "tipo__descricao": "Indica\u00e7\u00e3o", "autoria": "Enfermeira Talita", "texto_original": "http://sapl.pariqueraacu.sp.leg.br/media/sapl/public/materialegislativa/2026/4345/ind_020_2026.pdf", "ementa": "INDICA a  a necessidade de revitaliza\u00e7\u00e3o, com arboriza\u00e7\u00e3o, do Centro Comunit\u00e1rio da Vila S\u00e3o Jo\u00e3o."}, {"id": "4346", "ano": "2026", "numero": "21", "tipo__sigla": "IND", "tipo__descricao": "Indica\u00e7\u00e3o", "autoria": "Enfermeira Talita", "texto_original": "http://sapl.pariqueraacu.sp.leg.br/media/sapl/public/materialegislativa/2026/4346/ind_021_2026.pdf", "ementa": "INDICA a disponibiliza\u00e7\u00e3o de um container de lixo na Rua Nagir Dion\u00edsio Ferreira, esquina com a Rua Jos\u00e9 Francisco Schuiter, no Jardim S\u00e3o Carlos."}, {"id": "4347", "ano": "2026", "numero": "22", "tipo__sigla": "IND", "tipo__descricao": "Indica\u00e7\u00e3o", "autoria": "Bressa, Cleiton Roberto, Lucas Dendevitz, Milton Ticaca", "texto_original": "http://sapl.pariqueraacu.sp.leg.br/media/sapl/public/materialegislativa/2026/4347/ind_022_2026.pdf", "ementa": "INDICA a ro\u00e7ada e limpeza do campo municipal Lauro Lobo"}, {"id": "4348", "ano": "2026", "numero": "23", "tipo__sigla": "IND", "tipo__descricao": "Indica\u00e7\u00e3o", "autoria": "Bressa, Cleiton Roberto, Lucas Dendevitz, Milton Ticaca", "texto_original": "http://sapl.pariqueraacu.sp.leg.br/media/sapl/public/materialegislativa/2026/4348/ind_023_2026.pdf", "ementa": "INDICA a ro\u00e7ada e limpeza do campo de futebol da Vila Clementina"}, {"id": "4349", "ano": "2026", "numero": "24", "tipo__sigla": "IND", "tipo__descricao": "Indica\u00e7\u00e3o", "autoria": "Bressa, Cleiton Roberto, Lucas Dendevitz, Milton Ticaca", "texto_original": "http://sapl.pariqueraacu.sp.leg.br/media/sapl/public/materialegislativa/2026/4349/ind_025_2026.pdf", "ementa": "INDICA a instala\u00e7\u00e3o de um ponto de \u00f4nibus (guarita) na SP 226, na entrada do bairro Itupamirim."}, {"id": "4350", "ano": "2026", "numero": "25", "tipo__sigla": "IND", "tipo__descricao": "Indica\u00e7\u00e3o", "autoria": "Bressa, Cleiton Roberto, Lucas Dendevitz, Milton Ticaca", "texto_original": "http://sapl.pariqueraacu.sp.leg.br/media/sapl/public/materialegislativa/2026/4350/ind_025_2026.pdf", "ementa": "INDICA a instala\u00e7\u00e3o de uma placa de sinaliza\u00e7\u00e3o com o nome do bairro Itupamirim."}, {"id": "4351", "ano": "2026", "numero": "26", "tipo__sigla": "IND", "tipo__descricao": "Indica\u00e7\u00e3o", "autoria": "Bressa, Cleiton Roberto, Lucas Dendevitz, Milton Ticaca", "texto_original": "http://sapl.pariqueraacu.sp.leg.br/media/sapl/public/materialegislativa/2026/4351/ind_026_2026.pdf", "ementa": "INDICA a ro\u00e7ada e manuten\u00e7\u00e3o do Cemit\u00e9rio Municipal"}, {"id": "4352", "ano": "2026", "numero": "27", "tipo__sigla": "IND", "tipo__descricao": "Indica\u00e7\u00e3o", "autoria": "Bressa, Cleiton Roberto, Lucas Dendevitz, Milton Ticaca", "texto_original": "http://sapl.pariqueraacu.sp.leg.br/media/sapl/public/materialegislativa/2026/4352/ind_027_2026.pdf", "ementa": "INDICA a coloca\u00e7\u00e3o de fresa asf\u00e1ltica no fundo do Campo Municipal Lauro Lobo"}, {"id": "4353", "ano": "2026", "numero": "28", "tipo__sigla": "IND", "tipo__descricao": "Indica\u00e7\u00e3o", "autoria": "Bressa, Cleiton Roberto, Lucas Dendevitz, Milton Ticaca", "texto_original": "http://sapl.pariqueraacu.sp.leg.br/media/sapl/public/materialegislativa/2026/4353/ind_028_2026.pdf", "ementa": "INDICA o recapeamento da Rua Imigrantes Italianos, Vila Peri-Peri."}, {"id": "4354", "ano": "2026", "numero": "29", "tipo__sigla": "IND", "tipo__descricao": "Indica\u00e7\u00e3o", "autoria": "Bressa, Cleiton Roberto, Lucas Dendevitz, Milton Ticaca", "texto_original": "http://sapl.pariqueraacu.sp.leg.br/media/sapl/public/materialegislativa/2026/4354/ind_029_2026.pdf", "ementa": "INDICA a a pavimenta\u00e7\u00e3o asf\u00e1ltica nas ruas Argemiro Gauglitz e Jo\u00e3o de Deus, na Vila Palmira."}, {"id": "4355", "ano": "2026", "numero": "30", "tipo__sigla": "IND", "tipo__descricao": "Indica\u00e7\u00e3o", "autoria": "Bressa, Cleiton Roberto, Lucas Dendevitz, Milton Ticaca", "texto_original": "http://sapl.pariqueraacu.sp.leg.br/media/sapl/public/materialegislativa/2026/4355/ind_030_2026.pdf", "ementa": "INDICA a constru\u00e7\u00e3o de uma (01) pista de atletismo na Vila Ol\u00edmpica."}, {"id": "4356", "ano": "2026", "numero": "31", "tipo__sigla": "IND", "tipo__descricao": "Indica\u00e7\u00e3o", "autoria": "Bressa, Cleiton Roberto, Lucas Dendevitz, Milton Ticaca", "texto_original": "http://sapl.pariqueraacu.sp.leg.br/media/sapl/public/materialegislativa/2026/4356/ind_031_2026.pdf", "ementa": "INDICA a constru\u00e7\u00e3o de uma (01) academia ao ar livre na Vila Ol\u00edmpica."}, {"id": "4357", "ano": "2026", "numero": "32", "tipo__sigla": "IND", "tipo__descricao": "Indica\u00e7\u00e3o", "autoria": "Bressa, Cleiton Roberto, Lucas Dendevitz, Milton Ticaca", "texto_original": "http://sapl.pariqueraacu.sp.leg.br/media/sapl/public/materialegislativa/2026/4357/ind_032_2026.pdf", "ementa": "INDICA a regulariza\u00e7\u00e3o de estacionamento de ve\u00edculos na Rua Onerio da Silva, Viela Guaimb\u00ea, bairro Conchal 2"}, {"id": "4358", "ano": "2026", "numero": "33", "tipo__sigla": "IND", "tipo__descricao": "Indica\u00e7\u00e3o", "autoria": "Bressa, Cleiton Roberto, Lucas Dendevitz, Milton Ticaca", "texto_original": "http://sapl.pariqueraacu.sp.leg.br/media/sapl/public/materialegislativa/2026/4358/ind_033_2026.pdf", "ementa": "INDICA a drenagem de \u00e1guas pluviais na Rua Imigrantes Poloneses, no bairro Vila Peri-Peri"}, {"id": "4359", "ano": "2026", "numero": "34", "tipo__sigla": "IND", "tipo__descricao": "Indica\u00e7\u00e3o", "autoria": "Bressa, Cleiton Roberto, Lucas Dendevitz, Milton Ticaca", "texto_original": "http://sapl.pariqueraacu.sp.leg.br/media/sapl/public/materialegislativa/2026/4359/ind_034_2026.pdf", "ementa": "INDICA a limpeza/desassoreamento do Rio Pariquera-A\u00e7u."}, {"id": "4360", "ano": "2026", "numero": "35", "tipo__sigla": "IND", "tipo__descricao": "Indica\u00e7\u00e3o", "autoria": "Bressa, Cleiton Roberto, Lucas Dendevitz, Milton Ticaca", "texto_original": "http://sapl.pariqueraacu.sp.leg.br/media/sapl/public/materialegislativa/2026/4360/ind_035_2026.pdf", "ementa": "INDICA a  instala\u00e7\u00e3o de cont\u00eaineres de lixo no Cacau-A\u00e7u, pr\u00f3ximos \u00e0 Rodovia Jos\u00e9 Redis (SP-222), e na sa\u00edda para o Bairro Laranjeirinha"}, {"id": "4361", "ano": "2026", "numero": "36", "tipo__sigla": "IND", "tipo__descricao": "Indica\u00e7\u00e3o", "autoria": "Bressa, Cleiton Roberto, Lucas Dendevitz, Milton Ticaca", "texto_original": "http://sapl.pariqueraacu.sp.leg.br/media/sapl/public/materialegislativa/2026/4361/ind_036_2026.pdf", "ementa": "INDICA a  pavimenta\u00e7\u00e3o asf\u00e1ltica na Rua Ary Alves de Almeida, na Vila Peri-Peri"}, {"id": "4362", "ano": "2026", "numero": "37", "tipo__sigla": "IND", "tipo__descricao": "Indica\u00e7\u00e3o", "autoria": "Bressa, Cleiton Roberto, Lucas Dendevitz, Milton Ticaca", "texto_original": "http://sapl.pariqueraacu.sp.leg.br/media/sapl/public/materialegislativa/2026/4362/ind_037_2026.pdf", "ementa": "INDICA a a constru\u00e7\u00e3o de uma quadra poliesportiva (areninha) no bairro Vila Roseli"}, {"id": "4363", "ano": "2026", "numero": "38", "tipo__sigla": "IND", "tipo__descricao": "Indica\u00e7\u00e3o", "autoria": "Bressa, Cleiton Roberto, Lucas Dendevitz, Milton Ticaca", "texto_original": "http://sapl.pariqueraacu.sp.leg.br/media/sapl/public/materialegislativa/2026/4363/ind_038_2026.pdf", "ementa": "INDICA a  realiza\u00e7\u00e3o de estudos para apurar a viabilidade de disponibilizar 01 (uma) sala para atender as crian\u00e7as do maternal (creche), em todas as escolas p\u00fablicas do munic\u00edpio"}, {"id": "4364", "ano": "2026", "numero": "39", "tipo__sigla": "IND", "tipo__descricao": "Indica\u00e7\u00e3o", "autoria": "Bressa, Cleiton Roberto, Lucas Dendevitz, Milton Ticaca", "texto_original": "http://sapl.pariqueraacu.sp.leg.br/media/sapl/public/materialegislativa/2026/4364/ind_039_2026.pdf", "ementa": "INDICA a instala\u00e7\u00e3o de playgrounds em todas as escolas da rede municipal"}, {"id": "4365", "ano": "2026", "numero": "40", "tipo__sigla": "IND", "tipo__descricao": "Indica\u00e7\u00e3o", "autoria": "Bressa, Cleiton Roberto, Lucas Dendevitz, Milton Ticaca", "texto_original": "http://sapl.pariqueraacu.sp.leg.br/media/sapl/public/materialegislativa/2026/4365/ind_040_2026.pdf", "ementa": "INDICA a instala\u00e7\u00e3o de 01 (uma) lumin\u00e1ria na Rua I, Jardim Itaiquara"}, {"id": "4375", "ano": "2026", "numero": "41", "tipo__sigla": "IND", "tipo__descricao": "Indica\u00e7\u00e3o", "autoria": "Pastor Janilson", "texto_original": "http://sapl.pariqueraacu.sp.leg.br/media/", "ementa": "INDICA o patrolamento, o cascalhamento e a aplica\u00e7\u00e3o de fresa asf\u00e1ltica na Estrada do Angatuba e nas demais estradas rurais do Munic\u00edpio"}, {"id": "4376", "ano": "2026", "numero": "42", "tipo__sigla": "IND", "tipo__descricao": "Indica\u00e7\u00e3o", "autoria": "Bressa, Cleiton Roberto, Lucas Dendevitz, Milton Ticaca", "texto_original": "http://sapl.pariqueraacu.sp.leg.br/media/sapl/public/materialegislativa/2026/4376/ind_42_2026.pdf", "ementa": "INDICA a a limpeza do rio e da ponte localizados na Rua Pedro Andrelino Martins, no Jardim S\u00e3o Carlos"}, {"id": "4377", "ano": "2026", "numero": "43", "tipo__sigla": "IND", "tipo__descricao": "Indica\u00e7\u00e3o", "autoria": "Bressa, Cleiton Roberto, Lucas Dendevitz, Milton Ticaca", "texto_original": "http://sapl.pariqueraacu.sp.leg.br/media/sapl/public/materialegislativa/2026/4377/ind_43_2026.pdf", "ementa": "INDICA a a necessidade de tapar os buracos existentes na Rua Minas Gerais, na Vila S\u00e3o Jo\u00e3o"}, {"id": "4381", "ano": "2026", "numero": "44", "tipo__sigla": "IND", "tipo__descricao": "Indica\u00e7\u00e3o", "autoria": "Bressa, Cleiton Roberto, Lucas Dendevitz, Milton Ticaca", "texto_original": "http://sapl.pariqueraacu.sp.leg.br/media/sapl/public/materialegislativa/2026/4381/ind_44_2026.pdf", "ementa": "INDICA a  ro\u00e7ada e limpeza do campo municipal Lauro Lobo"}, {"id": "4382", "ano": "2026", "numero": "45", "tipo__sigla": "IND", "tipo__descricao": "Indica\u00e7\u00e3o", "autoria": "Bressa, Cleiton Roberto, Lucas Dendevitz, Milton Ticaca", "texto_original": "http://sapl.pariqueraacu.sp.leg.br/media/sapl/public/materialegislativa/2026/4382/ind_45_2026.pdf", "ementa": "INDICA a ro\u00e7ada e limpeza do campo municipal do Senador Dantas"}, {"id": "4383", "ano": "2026", "numero": "46", "tipo__sigla": "IND", "tipo__descricao": "Indica\u00e7\u00e3o", "autoria": "Bressa, Cleiton Roberto, Lucas Dendevitz, Milton Ticaca", "texto_original": "http://sapl.pariqueraacu.sp.leg.br/media/sapl/public/materialegislativa/2026/4383/ind_46_2026.pdf", "ementa": "INDICA a cria\u00e7\u00e3o de uma pra\u00e7a sensorial no munic\u00edpio"}, {"id": "4384", "ano": "2026", "numero": "47", "tipo__sigla": "IND", "tipo__descricao": "Indica\u00e7\u00e3o", "autoria": "Bressa, Cleiton Roberto, Lucas Dendevitz, Milton Ticaca", "texto_original": "http://sapl.pariqueraacu.sp.leg.br/media/sapl/public/materialegislativa/2026/4384/ind_47_2026.pdf", "ementa": "INDICA a manuten\u00e7\u00e3o das traves do campo do Senador Dantas"}, {"id": "4385", "ano": "2026", "numero": "48", "tipo__sigla": "IND", "tipo__descricao": "Indica\u00e7\u00e3o", "autoria": "Bressa, Cleiton Roberto, Lucas Dendevitz, Milton Ticaca", "texto_original": "http://sapl.pariqueraacu.sp.leg.br/media/sapl/public/materialegislativa/2026/4385/ind_48_2026.pdf", "ementa": "INDICA a  manuten\u00e7\u00e3o das lumin\u00e1rias da Pra\u00e7a da Matriz"}, {"id": "4396", "ano": "2026", "numero": "49", "tipo__sigla": "IND", "tipo__descricao": "Indica\u00e7\u00e3o", "autoria": "Bressa, Cleiton Roberto, Lucas Dendevitz, Milton Ticaca", "texto_original": "http://sapl.pariqueraacu.sp.leg.br/media/sapl/public/materialegislativa/2026/4396/ind_49_2026.pdf", "ementa": "INDICA a a ro\u00e7ada da Rua Carolina Buzzi, na Vila Clementina,"}, {"id": "4397", "ano": "2026", "numero": "50", "tipo__sigla": "IND", "tipo__descricao": "Indica\u00e7\u00e3o", "autoria": "Bressa, Cleiton Roberto, Lucas Dendevitz, Milton Ticaca", "texto_original": "http://sapl.pariqueraacu.sp.leg.br/media/sapl/public/materialegislativa/2026/4397/ind_50_2026.pdf", "ementa": "INDICA a ro\u00e7ada da Rua Miguel Bertoldo, na Vila Clementina"}, {"id": "4398", "ano": "2026", "numero": "51", "tipo__sigla": "IND", "tipo__descricao": "Indica\u00e7\u00e3o", "autoria": "Bressa, Cleiton Roberto, Lucas Dendevitz, Milton Ticaca", "texto_original": "http://sapl.pariqueraacu.sp.leg.br/media/sapl/public/materialegislativa/2026/4398/ind_51_2026.pdf", "ementa": "INDICA a ro\u00e7ada da Rua Constantino Dias Rosa, na Vila Clementina."}, {"id": "4399", "ano": "2026", "numero": "52", "tipo__sigla": "IND", "tipo__descricao": "Indica\u00e7\u00e3o", "autoria": "Bressa, Cleiton Roberto, Lucas Dendevitz, Milton Ticaca", "texto_original": "http://sapl.pariqueraacu.sp.leg.br/media/sapl/public/materialegislativa/2026/4399/ind_52_2026.pdf", "ementa": "INDICA a ro\u00e7ada da Rua Carlos Melcher, na Vila Clementina."}, {"id": "4400", "ano": "2026", "numero": "53", "tipo__sigla": "IND", "tipo__descricao": "Indica\u00e7\u00e3o", "autoria": "Bressa, Cleiton Roberto, Lucas Dendevitz, Milton Ticaca", "texto_original": "http://sapl.pariqueraacu.sp.leg.br/media/sapl/public/materialegislativa/2026/4400/ind_53_2026.pdf", "ementa": "INDICA a ro\u00e7ada da academia ao ar livre, na Vila Clementina"}, {"id": "4401", "ano": "2026", "numero": "54", "tipo__sigla": "IND", "tipo__descricao": "Indica\u00e7\u00e3o", "autoria": "Bressa, Cleiton Roberto, Lucas Dendevitz, Milton Ticaca", "texto_original": "http://sapl.pariqueraacu.sp.leg.br/media/sapl/public/materialegislativa/2026/4401/ind_54_2026.pdf", "ementa": "INDICA a ro\u00e7ada da Rua \u00c2ngelo Antoniolli, na Vila Clementina"}, {"id": "4402", "ano": "2026", "numero": "55", "tipo__sigla": "IND", "tipo__descricao": "Indica\u00e7\u00e3o", "autoria": "Bressa, Cleiton Roberto, Lucas Dendevitz, Milton Ticaca", "texto_original": "http://sapl.pariqueraacu.sp.leg.br/media/sapl/public/materialegislativa/2026/4402/ind_55_2026.pdf", "ementa": "INDICA a indica a ro\u00e7ada da Rua \u00c2ngelo Rossini, na Vila Clementina."}, {"id": "4403", "ano": "2026", "numero": "56", "tipo__sigla": "IND", "tipo__descricao": "Indica\u00e7\u00e3o", "autoria": "Bressa, Cleiton Roberto, Lucas Dendevitz, Milton Ticaca", "texto_original": "http://sapl.pariqueraacu.sp.leg.br/media/sapl/public/materialegislativa/2026/4403/ind_56_2026.pdf", "ementa": "INDICA a a ro\u00e7ada da Rua Viriato Le\u00e3o de Moura, na Vila Clementina"}, {"id": "4407", "ano": "2026", "numero": "57", "tipo__sigla": "IND", "tipo__descricao": "Indica\u00e7\u00e3o", "autoria": "Bressa", "texto_original": "http://sapl.pariqueraacu.sp.leg.br/media/sapl/public/materialegislativa/2026/4407/ind_57_2026.pdf", "ementa": "INDICA a a limpeza das valas no Bairro Senador Dantas, pr\u00f3ximo a Escola, e pr\u00f3ximo ao S\u00edtio Sapo na Lagoa."}, {"id": "4411", "ano": "2026", "numero": "58", "tipo__sigla": "IND", "tipo__descricao": "Indica\u00e7\u00e3o", "autoria": "Bressa", "texto_original": "http://sapl.pariqueraacu.sp.leg.br/media/sapl/public/materialegislativa/2026/4411/ind_58_2026.pdf", "ementa": "INDICA a eleva\u00e7\u00e3o altim\u00e9trica de via do Bairro Alto, de autoria dos Vereadores Cleiton Mineiro, Lucas Dendevitz, Milton Ticaca e Odair Bressa"}, {"id": "4415", "ano": "2026", "numero": "59", "tipo__sigla": "IND", "tipo__descricao": "Indica\u00e7\u00e3o", "autoria": "Bressa, Cleiton Roberto, Lucas Dendevitz, Milton Ticaca", "texto_original": "http://sapl.pariqueraacu.sp.leg.br/media/sapl/public/materialegislativa/2026/4415/ind_59_2026.pdf", "ementa": "INDICA o patrolamento, cascalhamento e coloca\u00e7\u00e3o de fresa asf\u00e1ltica na Rua Gianino Bertazoni, na Vila S\u00e3o Jo\u00e3o."}, {"id": "4416", "ano": "2026", "numero": "60", "tipo__sigla": "IND", "tipo__descricao": "Indica\u00e7\u00e3o", "autoria": "Bressa, Cleiton Roberto, Lucas Dendevitz, Milton Ticaca", "texto_original": "http://sapl.pariqueraacu.sp.leg.br/media/sapl/public/materialegislativa/2026/4416/ind_60_2026.pdf", "ementa": "INDICA o patrolamento, cascalhamento e coloca\u00e7\u00e3o de fresa asf\u00e1ltica na Rua Oscar de Lima, na Vila Clementina."}, {"id": "4417", "ano": "2026", "numero": "61", "tipo__sigla": "IND", "tipo__descricao": "Indica\u00e7\u00e3o", "autoria": "Bressa, Cleiton Roberto, Lucas Dendevitz, Milton Ticaca", "texto_original": "http://sapl.pariqueraacu.sp.leg.br/media/sapl/public/materialegislativa/2026/4417/ind_61_2026.pdf", "ementa": "INDICA o patrolamento, cascalhamento e coloca\u00e7\u00e3o de fresa asf\u00e1ltica na Rua Oscar de Lima, na Vila Clementina."}, {"id": "4418", "ano": "2026", "numero": "62", "tipo__sigla": "IND", "tipo__descricao": "Indica\u00e7\u00e3o", "autoria": "Bressa, Cleiton Roberto, Lucas Dendevitz, Milton Ticaca", "texto_original": "http://sapl.pariqueraacu.sp.leg.br/media/sapl/public/materialegislativa/2026/4418/ind_62_2026.pdf", "ementa": "INDICA a instala\u00e7\u00e3o de 01 (um) redutor , de velocidade (lombada), na Rua Carlos Melcher, Vila Clementina"}, {"id": "4419", "ano": "2026", "numero": "63", "tipo__sigla": "IND", "tipo__descricao": "Indica\u00e7\u00e3o", "autoria": "Bressa, Cleiton Roberto, Lucas Dendevitz, Milton Ticaca", "texto_original": "http://sapl.pariqueraacu.sp.leg.br/media/sapl/public/materialegislativa/2026/4419/ind_63_2026.pdf", "ementa": "INDICA a pintura em todas as escolas da rede municipal."}, {"id": "4427", "ano": "2026", "numero": "64", "tipo__sigla": "IND", "tipo__descricao": "Indica\u00e7\u00e3o", "autoria": "Bressa, Cleiton Roberto, Lucas Dendevitz, Milton Ticaca", "texto_original": "http://sapl.pariqueraacu.sp.leg.br/media/sapl/public/materialegislativa/2026/4427/ind_64_2025.pdf", "ementa": "INDICA a instala\u00e7\u00e3o de uma rotat\u00f3ria no final da rua Romeu Monti, pr\u00f3ximo a Escola Adventista"}, {"id": "4428", "ano": "2026", "numero": "65", "tipo__sigla": "IND", "tipo__descricao": "Indica\u00e7\u00e3o", "autoria": "Bressa, Cleiton Roberto, Lucas Dendevitz, Milton Ticaca", "texto_original": "http://sapl.pariqueraacu.sp.leg.br/media/sapl/public/materialegislativa/2026/4428/ind_65_2025.pdf", "ementa": "INDICA a restaura\u00e7\u00e3o do gramado localizado embaixo das traves do Campo Municipal Lauro Lobo."}, {"id": "4429", "ano": "2026", "numero": "66", "tipo__sigla": "IND", "tipo__descricao": "Indica\u00e7\u00e3o", "autoria": "Bressa, Cleiton Roberto, Lucas Dendevitz, Milton Ticaca", "texto_original": "http://sapl.pariqueraacu.sp.leg.br/media/sapl/public/materialegislativa/2026/4429/ind_66__2025.pdf", "ementa": "INDICA a instala\u00e7\u00e3o de uma \"boca de lobo\" na esquina da Rua On\u00e9lio Silva com Alameda Petropen, no Bairro Conchal."}, {"id": "4431", "ano": "2026", "numero": "67", "tipo__sigla": "IND", "tipo__descricao": "Indica\u00e7\u00e3o", "autoria": "Bressa, Cleiton Roberto, Lucas Dendevitz, Milton Ticaca", "texto_original": "http://sapl.pariqueraacu.sp.leg.br/media/sapl/public/materialegislativa/2026/4431/ind_067_2026.pdf", "ementa": "INDICA a reforma na quadra da escola da Vila Clementina"}, {"id": "4432", "ano": "2026", "numero": "68", "tipo__sigla": "IND", "tipo__descricao": "Indica\u00e7\u00e3o", "autoria": "Benedicto Martins, Bressa, Cleiton Roberto, Lucas Dendevitz, Milton Ticaca", "texto_original": "http://sapl.pariqueraacu.sp.leg.br/media/sapl/public/materialegislativa/2026/4432/ind_68_2026.pdf", "ementa": "INDICA o patrolamento, cascalhamento e coloca\u00e7\u00e3o de fresa asf\u00e1ltica na rua da Escola Maria Anorozo Zanella, bairro Pariquera-Mirim"}, {"id": "4341", "ano": "2026", "numero": "1", "tipo__sigla": "MOC", "tipo__descricao": "Mo\u00e7\u00e3o", "autoria": "Enfermeira Talita", "texto_original": "http://sapl.pariqueraacu.sp.leg.br/media/sapl/public/materialegislativa/2026/4341/moc_01_2024.pdf", "ementa": "Mo\u00e7\u00e3o de Aplausos ao Senhor Danilo da Silva Gomes reconhecimento p\u00fablico por sua trajet\u00f3ria acad\u00eamica, profissional e humana, marcada pela defesa da escola p\u00fablica."}, {"id": "4388", "ano": "2026", "numero": "2", "tipo__sigla": "MOC", "tipo__descricao": "Mo\u00e7\u00e3o", "autoria": "Pastor Janilson", "texto_original": "http://sapl.pariqueraacu.sp.leg.br/media/sapl/public/materialegislativa/2026/4388/mocao_02_2026.pdf", "ementa": "Mo\u00e7\u00e3o de Aplausos , aos Policiais Militares Cabo PM Paulo Ricardo da Silva Rios e Cabo PM Daniel Henrique de Souza Pontes, em reconhecimento ao ato de bravura, prontid\u00e3o e profissionalismo no salvamento de um rec\u00e9m-nascido"}, {"id": "4380", "ano": "2026", "numero": "3", "tipo__sigla": "MOC", "tipo__descricao": "Mo\u00e7\u00e3o", "autoria": "Benedicto Martins, Bressa, Cleiton Roberto, Lucas Dendevitz, Milton Ticaca", "texto_original": "http://sapl.pariqueraacu.sp.leg.br/media/sapl/public/materialegislativa/2026/4380/moc_03_2026.pdf", "ementa": "Mo\u00e7\u00e3o de Aplausos  ao Capel\u00e3o e Sensei Daniel Jos\u00e9 da Silva, em reconhecimento ao seu trabalho volunt\u00e1rio, \u00e0 sua destacada atua\u00e7\u00e3o na arbitragem do jud\u00f4 e aos relevantes servi\u00e7os prestados ao Desporto comunidade de Pariquera-A\u00e7u."}, {"id": "4389", "ano": "2026", "numero": "4", "tipo__sigla": "MOC", "tipo__descricao": "Mo\u00e7\u00e3o", "autoria": "Bressa, Cleiton Roberto, Lucas Dendevitz, Milton Ticaca", "texto_original": "http://sapl.pariqueraacu.sp.leg.br/media/sapl/public/materialegislativa/2026/4389/mocao_04_2026.pdf", "ementa": "Mo\u00e7\u00e3o de Pesar pelo falecimento do Senhor Rui Baptista Filho, em 25/02/2026"}, {"id": "4391", "ano": "2026", "numero": "5", "tipo__sigla": "MOC", "tipo__descricao": "Mo\u00e7\u00e3o", "autoria": "Bressa, Cleiton Roberto, Lucas Dendevitz, Milton Ticaca", "texto_original": "http://sapl.pariqueraacu.sp.leg.br/media/", "ementa": "Mo\u00e7\u00e3o de Aplausos a Srta.  Katya Prette pela sua trajet\u00f3ria e contribui\u00e7\u00e3o a cultura pariquerense."}, {"id": "4390", "ano": "2026", "numero": "6", "tipo__sigla": "MOC", "tipo__descricao": "Mo\u00e7\u00e3o", "autoria": "Bressa, Cleiton Roberto, Lucas Dendevitz, Milton Ticaca", "texto_original": "http://sapl.pariqueraacu.sp.leg.br/media/", "ementa": "Mo\u00e7\u00e3o de Pesar pelo falecimento do Senhor Ant\u00f4nio N\u00f3brega Mancio, em 25/02/2026"}, {"id": "4392", "ano": "2026", "numero": "7", "tipo__sigla": "MOC", "tipo__descricao": "Mo\u00e7\u00e3o", "autoria": "Bressa, Cleiton Roberto, Lucas Dendevitz, Milton Ticaca", "texto_original": "http://sapl.pariqueraacu.sp.leg.br/media/sapl/public/materialegislativa/2026/4392/moc_07_2026.pdf", "ementa": "Mo\u00e7\u00e3o de Pesar pelo falecimento da Senhora Aparecida Donizete Vieira Harzer, ocorrida em 27/02/2026"}, {"id": "4430", "ano": "2026", "numero": "8", "tipo__sigla": "MOC", "tipo__descricao": "Mo\u00e7\u00e3o", "autoria": "Bressa", "texto_original": "http://sapl.pariqueraacu.sp.leg.br/media/sapl/public/materialegislativa/2026/4430/moc_08_2026.pdf", "ementa": "A Senhora Daniele Geremias Malinauskas em reconhecimento aos relevantes servi\u00e7os prestados aos moradores do Munic\u00edpio"}, {"id": "4329", "ano": "2026", "numero": "1", "tipo__sigla": "REQ", "tipo__descricao": "Requerimento", "autoria": "Bressa, Cleiton Roberto, Lucas Dendevitz", "texto_original": "http://sapl.pariqueraacu.sp.leg.br/media/sapl/public/materialegislativa/2026/4329/req_001_2026.pdf", "ementa": "Solicita informa\u00e7\u00f5es sobre reajuste, aumento salarial e vale-alimenta\u00e7\u00e3o dos servidores das refer\u00eancias 1 a 5,"}, {"id": "4330", "ano": "2026", "numero": "2", "tipo__sigla": "REQ", "tipo__descricao": "Requerimento", "autoria": "Bressa, Cleiton Roberto, Lucas Dendevitz, Milton Ticaca", "texto_original": "http://sapl.pariqueraacu.sp.leg.br/media/sapl/public/materialegislativa/2026/4330/req_002_2026.pdf", "ementa": "Solicita informa\u00e7\u00f5es sobre a reforma das escolas municipais."}, {"id": "4331", "ano": "2026", "numero": "3", "tipo__sigla": "REQ", "tipo__descricao": "Requerimento", "autoria": "Bressa, Cleiton Roberto, Lucas Dendevitz, Milton Ticaca", "texto_original": "http://sapl.pariqueraacu.sp.leg.br/media/sapl/public/materialegislativa/2026/4331/req_003_2026.pdf", "ementa": "Solicita informa\u00e7\u00f5es sobre professores auxiliares nas escolas da rede p\u00fablica municipal"}, {"id": "4342", "ano": "2026", "numero": "4", "tipo__sigla": "REQ", "tipo__descricao": "Requerimento", "autoria": "Bressa, Cleiton Roberto, Lucas Dendevitz, Milton Ticaca", "texto_original": "http://sapl.pariqueraacu.sp.leg.br/media/sapl/public/materialegislativa/2026/4342/req_004_2026.pdf", "ementa": "Ao Departamento de Estrada de Rodagem do Estado de S\u00e3o Paulo,  D.E.R 5 Pariquera-A\u00e7u, solicita informa\u00e7\u00f5es sobre a Rodovia SP-226."}, {"id": "4366", "ano": "2026", "numero": "5", "tipo__sigla": "REQ", "tipo__descricao": "Requerimento", "autoria": "Bressa, Cleiton Roberto, Lucas Dendevitz, Milton Ticaca", "texto_original": "http://sapl.pariqueraacu.sp.leg.br/media/sapl/public/materialegislativa/2026/4366/req_005_2026.pdf", "ementa": "\u00c0 Companhia de Saneamento B\u00e1sico do Estado de S\u00e3o Paulo (Sabesp), solicita informa\u00e7\u00f5es sobre o abastecimento de \u00e1gua e o servi\u00e7o de coleta de esgoto no Munic\u00edpio"}, {"id": "4378", "ano": "2026", "numero": "6", "tipo__sigla": "REQ", "tipo__descricao": "Requerimento", "autoria": "Pastor Janilson", "texto_original": "http://sapl.pariqueraacu.sp.leg.br/media/sapl/public/materialegislativa/2026/4378/req_06_2026_seguranca_publica.pdf", "ementa": "Ao Poder Executivo Municipal, solicita informa\u00e7\u00f5es acerca da seguran\u00e7a p\u00fablica no Munic\u00edpio"}, {"id": "4379", "ano": "2026", "numero": "7", "tipo__sigla": "REQ", "tipo__descricao": "Requerimento", "autoria": "Pastor Janilson", "texto_original": "http://sapl.pariqueraacu.sp.leg.br/media/sapl/public/materialegislativa/2026/4379/req_07_2026_cargos.pdf", "ementa": "Ao Poder Executivo Municipal, solicita informa\u00e7\u00f5es acerca dos cargos em comiss\u00e3o, de confian\u00e7a, bem como dos diretores e secret\u00e1rios da Administra\u00e7\u00e3o P\u00fablica Municipal"}, {"id": "4387", "ano": "2026", "numero": "8", "tipo__sigla": "REQ", "tipo__descricao": "Requerimento", "autoria": "Pastor Janilson", "texto_original": "http://sapl.pariqueraacu.sp.leg.br/media/sapl/public/materialegislativa/2026/4387/req_08_2026.pdf", "ementa": "Solicita informa\u00e7\u00f5es sobre a manuten\u00e7\u00e3o e recupera\u00e7\u00e3o da ponte localizada na Rua M\u00e1ximo Zanella."}, {"id": "4404", "ano": "2026", "numero": "9", "tipo__sigla": "REQ", "tipo__descricao": "Requerimento", "autoria": "Bressa, Cleiton Roberto, Lucas Dendevitz, Milton Ticaca", "texto_original": "http://sapl.pariqueraacu.sp.leg.br/media/sapl/public/materialegislativa/2026/4404/req_09_2026.pdf", "ementa": "\u00c0 Pol\u00edcia Militar do Estado de S\u00e3o Paulo, solicita informa\u00e7\u00f5es sobre a seguran\u00e7a p\u00fablica do Munic\u00edpio."}, {"id": "4406", "ano": "2026", "numero": "10", "tipo__sigla": "REQ", "tipo__descricao": "Requerimento", "autoria": "Milena Coimbra", "texto_original": "http://sapl.pariqueraacu.sp.leg.br/media/sapl/public/materialegislativa/2026/4406/req_09_2026.pdf", "ementa": "\u00c0 Empresa Brasileira de Correios e Tel\u00e9grafos (Correios), Ag\u00eancia de Pariquera-A\u00e7u, solicitando informa\u00e7\u00f5es acerca da presta\u00e7\u00e3o do servi\u00e7o postal no bairro Vila Cremona."}, {"id": "4408", "ano": "2026", "numero": "11", "tipo__sigla": "REQ", "tipo__descricao": "Requerimento", "autoria": "Pastor Janilson", "texto_original": "http://sapl.pariqueraacu.sp.leg.br/media/sapl/public/materialegislativa/2026/4408/req_11_2026.pdf", "ementa": "Solicita informa\u00e7\u00f5es sobre o plano de manejo de \u00e1guas pluviais, manuten\u00e7\u00e3o de drenagem urbana e desobstru\u00e7\u00e3o de corpos h\u00eddricos."}, {"id": "4409", "ano": "2026", "numero": "12", "tipo__sigla": "REQ", "tipo__descricao": "Requerimento", "autoria": "Pastor Janilson", "texto_original": "http://sapl.pariqueraacu.sp.leg.br/media/sapl/public/materialegislativa/2026/4409/req_12_2026.pdf", "ementa": "Solicita informa\u00e7\u00f5es sobre a ilumina\u00e7\u00e3o p\u00fablica do Munic\u00edpio."}, {"id": "4433", "ano": "2026", "numero": "13", "tipo__sigla": "REQ", "tipo__descricao": "Requerimento", "autoria": "Benedicto Martins, Bressa, Cleiton Roberto, Lucas Dendevitz", "texto_original": "http://sapl.pariqueraacu.sp.leg.br/media/sapl/public/materialegislativa/2026/4433/req_13__2026.pdf", "ementa": "Solicita a convoca\u00e7\u00e3o da Secret\u00e1ria de Educa\u00e7\u00e3o do Munic\u00edpio para tratar de assuntos referentes \u00e0s escolas da rede p\u00fablica de ensino,"}, {"id": "4434", "ano": "2026", "numero": "14", "tipo__sigla": "REQ", "tipo__descricao": "Requerimento", "autoria": "Bressa, Cleiton Roberto, Lucas Dendevitz", "texto_original": "http://sapl.pariqueraacu.sp.leg.br/media/sapl/public/materialegislativa/2026/4434/req_14__2026.pdf", "ementa": "Solicita informa\u00e7\u00f5es sobre as obras de pavimenta\u00e7\u00e3o na Avenida Fernando Costa"}, {"id": "4413", "ano": "2026", "numero": "1", "tipo__sigla": "PDL", "tipo__descricao": "Projeto de Decreto Legislativo", "autoria": "Pastor Janilson", "texto_original": "http://sapl.pariqueraacu.sp.leg.br/media/sapl/public/materialegislativa/2026/4413/pdl_01_2026__cidadao_janilson.pdf", "ementa": "Disp\u00f5e sobre a concess\u00e3o do t\u00edtulo honor\u00edfico de Cidad\u00e3o Pariquerense ao Senhor Vanderlei Ponciano Cardoso, de autoria do Vereador Pastor Jan\u00edlson."}, {"id": "4420", "ano": "2026", "numero": "2", "tipo__sigla": "PDL", "tipo__descricao": "Projeto de Decreto Legislativo", "autoria": "Cleiton Roberto", "texto_original": "http://sapl.pariqueraacu.sp.leg.br/media/sapl/public/materialegislativa/2026/4420/pdl_02.pdf", "ementa": "Disp\u00f5e sobre a concess\u00e3o do t\u00edtulo honor\u00edfico de Cidad\u00e3 Pariquerense \u00e0 Senhora Ilza Pereira dos Santos Costa"}, {"id": "4421", "ano": "2026", "numero": "3", "tipo__sigla": "PDL", "tipo__descricao": "Projeto de Decreto Legislativo", "autoria": "Milton Ticaca", "texto_original": "http://sapl.pariqueraacu.sp.leg.br/media/sapl/public/materialegislativa/2026/4421/subs_pdl_03_2026.pdf", "ementa": "Disp\u00f5e sobre a concess\u00e3o do t\u00edtulo honor\u00edfico de Cidad\u00e3o Pariquerense ao Senhor Idomeu de Ramos Dias"}, {"id": "4422", "ano": "2026", "numero": "4", "tipo__sigla": "PDL", "tipo__descricao": "Projeto de Decreto Legislativo", "autoria": "Benedicto Martins", "texto_original": "http://sapl.pariqueraacu.sp.leg.br/media/sapl/public/materialegislativa/2026/4422/pdl_04.pdf", "ementa": "Disp\u00f5e sobre a concess\u00e3o do t\u00edtulo honor\u00edfico de Cidad\u00e3 Pariquerense \u00e0 Senhora Ver\u00f4nica Soos."}, {"id": "4423", "ano": "2026", "numero": "5", "tipo__sigla": "PDL", "tipo__descricao": "Projeto de Decreto Legislativo", "autoria": "Bressa", "texto_original": "http://sapl.pariqueraacu.sp.leg.br/media/sapl/public/materialegislativa/2026/4423/pdl_05.pdf", "ementa": "Disp\u00f5e sobre a concess\u00e3o do t\u00edtulo honor\u00edfico de Cidad\u00e3o Pariquerense ao Senhor Roger Almerindo da Silva"}, {"id": "4424", "ano": "2026", "numero": "6", "tipo__sigla": "PDL", "tipo__descricao": "Projeto de Decreto Legislativo", "autoria": "Lucas Dendevitz", "texto_original": "http://sapl.pariqueraacu.sp.leg.br/media/sapl/public/materialegislativa/2026/4424/pdl_06.pdf", "ementa": "Disp\u00f5e sobre a concess\u00e3o do Diploma de M\u00e9rito ao Senhor Argemiro Ven\u00e2ncio da Costa Filho."}, {"id": "4425", "ano": "2026", "numero": "7", "tipo__sigla": "PDL", "tipo__descricao": "Projeto de Decreto Legislativo", "autoria": "Edson Leite", "texto_original": "http://sapl.pariqueraacu.sp.leg.br/media/sapl/public/materialegislativa/2026/4425/pdl_07.pdf", "ementa": "Disp\u00f5e sobre a concess\u00e3o do t\u00edtulo honor\u00edfico de Diploma de M\u00e9rito ao Senhor S\u00e9rgio Chemite"}, {"id": "4426", "ano": "2026", "numero": "8", "tipo__sigla": "PDL", "tipo__descricao": "Projeto de Decreto Legislativo", "autoria": "Enfermeira Talita", "texto_original": "http://sapl.pariqueraacu.sp.leg.br/media/sapl/public/materialegislativa/2026/4426/pdl_08.pdf", "ementa": "Disp\u00f5e sobre a concess\u00e3o do Diploma de M\u00e9rito ao Dr. Jo\u00e3o Carlos Rosin Sabino"}, {"id": "4373", "ano": "2026", "numero": "1", "tipo__sigla": "PLC", "tipo__descricao": "Projeto de Lei Complementar", "autoria": "Wagner Costa", "texto_original": "http://sapl.pariqueraacu.sp.leg.br/media/sapl/public/materialegislativa/2026/4373/plc_01_2026.pdf", "ementa": "Altera a reda\u00e7\u00e3o do inciso XI do artigo 132 da Lei Complementar n\u00ba 001, de 1997 \u2013 Estatuto dos Servidores P\u00fablicos do Munic\u00edpio de Pariquera-A\u00e7u."}, {"id": "4322", "ano": "2026", "numero": "1", "tipo__sigla": "PLL", "tipo__descricao": "Projeto de Lei - Legislativo", "autoria": "Mesa Diretora", "texto_original": "http://sapl.pariqueraacu.sp.leg.br/media/sapl/public/materialegislativa/2026/4322/pll_01_2026.pdf", "ementa": "Autoriza o pagamento retroativo de vantagens funcionais vinculadas ao tempo de servi\u00e7o no \u00e2mbito do Munic\u00edpio, nos termos da Lei Complementar Federal n.\u00ba 226, de 12 de janeiro de 2026."}, {"id": "4395", "ano": "2026", "numero": "2", "tipo__sigla": "PLL", "tipo__descricao": "Projeto de Lei - Legislativo", "autoria": "Mesa Diretora", "texto_original": "http://sapl.pariqueraacu.sp.leg.br/media/sapl/public/materialegislativa/2026/4395/pll_02_2026.pdf", "ementa": "Promove o reenquadramento da refer\u00eancia remunerat\u00f3ria do cargo de Procurador da C\u00e2mara Municipal e d\u00e1 outras provid\u00eancias"}, {"id": "4320", "ano": "2026", "numero": "1", "tipo__sigla": "PLO", "tipo__descricao": "Projeto de Lei Ordin\u00e1ria", "autoria": "Wagner Costa", "texto_original": "http://sapl.pariqueraacu.sp.leg.br/media/sapl/public/materialegislativa/2026/4320/pl_01_2026.pdf", "ementa": "Disp\u00f5e sobre a composi\u00e7\u00e3o do Conselho Municipal de Turismo \u2013 COMTUR, institui o Fundo Municipal de Turismo \u2013 FUMTUR e d\u00e1 outras provid\u00eancias."}, {"id": "4321", "ano": "2026", "numero": "2", "tipo__sigla": "PLO", "tipo__descricao": "Projeto de Lei Ordin\u00e1ria", "autoria": "Wagner Costa", "texto_original": "http://sapl.pariqueraacu.sp.leg.br/media/sapl/public/materialegislativa/2026/4321/pl_02_2026.pdf", "ementa": "Disp\u00f5e sobre a altera\u00e7\u00e3o do sentido de circula\u00e7\u00e3o de ve\u00edculos nas ruas Hor\u00e1cio Simonetti, Ant\u00f4nio Le\u00e3o Barbosa, Jos\u00e9 Sirdlarczik e Avenida Ol\u00edmpica, e d\u00e1 outras provid\u00eancias."}, {"id": "4323", "ano": "2026", "numero": "3", "tipo__sigla": "PLO", "tipo__descricao": "Projeto de Lei Ordin\u00e1ria", "autoria": "Wagner Costa", "texto_original": "http://sapl.pariqueraacu.sp.leg.br/media/sapl/public/materialegislativa/2026/4323/pl_03_2026_subs.pdf", "ementa": "Disp\u00f5e sobre percentual de aplica\u00e7\u00e3o de reposi\u00e7\u00e3o de perdas inflacion\u00e1rias de vencimento dos servidores municipais da administra\u00e7\u00e3o direta do Munic\u00edpio de Pariquera-A\u00e7u e cria refer\u00eancia remunerat\u00f3ria de plant\u00f5es para os cargos de m\u00e9dico especialista e d\u00e1 outras provid\u00eancias"}, {"id": "4332", "ano": "2026", "numero": "4", "tipo__sigla": "PLO", "tipo__descricao": "Projeto de Lei Ordin\u00e1ria", "autoria": "Wagner Costa", "texto_original": "http://sapl.pariqueraacu.sp.leg.br/media/sapl/public/materialegislativa/2026/4332/pl_04_2026.pdf", "ementa": "Disp\u00f5e sobre institui\u00e7\u00e3o do \u201cPrograma Municipal de Incentivo ao Controle Populacional de Pets\u201d no munic\u00edpio de Pariquera-A\u00e7u d\u00e1 outras provid\u00eancias."}, {"id": "4333", "ano": "2026", "numero": "5", "tipo__sigla": "PLO", "tipo__descricao": "Projeto de Lei Ordin\u00e1ria", "autoria": "Wagner Costa", "texto_original": "http://sapl.pariqueraacu.sp.leg.br/media/sapl/public/materialegislativa/2026/4333/pl_05_2026.pdf", "ementa": "Disp\u00f5e sobre a cria\u00e7\u00e3o, estrutura e funcionamento da Junta Administrativa de Recursos de Infra\u00e7\u00f5es \u2013 JARI, do munic\u00edpio de Pariquera-A\u00e7u e d\u00e1 outras provid\u00eancias."}, {"id": "4335", "ano": "2026", "numero": "6", "tipo__sigla": "PLO", "tipo__descricao": "Projeto de Lei Ordin\u00e1ria", "autoria": "Wagner Costa", "texto_original": "http://sapl.pariqueraacu.sp.leg.br/media/sapl/public/materialegislativa/2026/4335/pl_06_2026.pdf", "ementa": "Disp\u00f5e sobre a cria\u00e7\u00e3o da banda musical municipal de Pariquera-A\u00e7u e d\u00e1 outras provid\u00eancias."}, {"id": "4336", "ano": "2026", "numero": "7", "tipo__sigla": "PLO", "tipo__descricao": "Projeto de Lei Ordin\u00e1ria", "autoria": "Wagner Costa", "texto_original": "http://sapl.pariqueraacu.sp.leg.br/media/sapl/public/materialegislativa/2026/4336/pl_07_2026.pdf", "ementa": "Revoga a Lei Municipal n\u00ba 769, de 18 de agosto de 2020, e d\u00e1 outras provid\u00eancias."}, {"id": "4337", "ano": "2026", "numero": "8", "tipo__sigla": "PLO", "tipo__descricao": "Projeto de Lei Ordin\u00e1ria", "autoria": "Wagner Costa", "texto_original": "http://sapl.pariqueraacu.sp.leg.br/media/sapl/public/materialegislativa/2026/4337/pl_08_2026.pdf", "ementa": "Revoga a Lei Municipal n\u00ba 883, de 27 de mar\u00e7o de 2024, e d\u00e1 outras provid\u00eancias"}, {"id": "4367", "ano": "2026", "numero": "9", "tipo__sigla": "PLO", "tipo__descricao": "Projeto de Lei Ordin\u00e1ria", "autoria": "Wagner Costa", "texto_original": "http://sapl.pariqueraacu.sp.leg.br/media/sapl/public/materialegislativa/2026/4367/pl_09_2026_reajuste.pdf", "ementa": "Disp\u00f5e sobre a concess\u00e3o de reajuste aos servidores p\u00fablicos da Administra\u00e7\u00e3o Direta e Indireta do Munic\u00edpio de Pariquera-A\u00e7u e d\u00e1 outras provid\u00eancias"}, {"id": "4368", "ano": "2026", "numero": "10", "tipo__sigla": "PLO", "tipo__descricao": "Projeto de Lei Ordin\u00e1ria", "autoria": "Wagner Costa", "texto_original": "http://sapl.pariqueraacu.sp.leg.br/media/sapl/public/materialegislativa/2026/4368/pl_10_2026_altera_referencias.pdf", "ementa": "Disp\u00f5e sobre a adequa\u00e7\u00e3o de nomenclatura de cargos do Quadro de Pessoal da Prefeitura Municipal de Pariquera-A\u00e7u, altera atribui\u00e7\u00f5es e refer\u00eancias de cargos espec\u00edficos e d\u00e1 outras provid\u00eancias"}, {"id": "4369", "ano": "2026", "numero": "11", "tipo__sigla": "PLO", "tipo__descricao": "Projeto de Lei Ordin\u00e1ria", "autoria": "Wagner Costa", "texto_original": "http://sapl.pariqueraacu.sp.leg.br/media/sapl/public/materialegislativa/2026/4369/pl_11_2026.pdf", "ementa": "Disp\u00f5e sobre a institucionaliza\u00e7\u00e3o do s\u00edmbolo \"Capital das Plantas Ornamentais do Estado de S\u00e3o Paulo\" na identidade visual do munic\u00edpio de Pariquera-a\u00e7u e d\u00e1 outras provid\u00eancias."}, {"id": "4370", "ano": "2026", "numero": "13", "tipo__sigla": "PLO", "tipo__descricao": "Projeto de Lei Ordin\u00e1ria", "autoria": "Wagner Costa", "texto_original": "http://sapl.pariqueraacu.sp.leg.br/media/sapl/public/materialegislativa/2026/4370/pl_13_2026.pdf", "ementa": "Disp\u00f5e sobre ratifica\u00e7\u00e3o da Resolu\u00e7\u00e3o n\u00ba  001/2026 da Assembleia Geral do Cons\u00f3rcio Intermunicipal de Sa\u00fade do Vale do Ribeira e Litoral Sul \u2013 Consa\u00fade"}, {"id": "4371", "ano": "2026", "numero": "14", "tipo__sigla": "PLO", "tipo__descricao": "Projeto de Lei Ordin\u00e1ria", "autoria": "Wagner Costa", "texto_original": "http://sapl.pariqueraacu.sp.leg.br/media/sapl/public/materialegislativa/2026/4371/pl_14_2026.pdf", "ementa": "Disp\u00f5e sobre a ratifica\u00e7\u00e3o da Resolu\u00e7\u00e3o n\u00ba 002/2026 da Assembleia Geral do Cons\u00f3rcio Intermunicipal de Sa\u00fade do Vale do Ribeira e Litoral Sul \u2013 Consa\u00fade."}, {"id": "4386", "ano": "2026", "numero": "15", "tipo__sigla": "PLO", "tipo__descricao": "Projeto de Lei Ordin\u00e1ria", "autoria": "Wagner Costa", "texto_original": "http://sapl.pariqueraacu.sp.leg.br/media/sapl/public/materialegislativa/2026/4386/pl_15_2026.pdf", "ementa": "Disp\u00f5e sobre a ratifica\u00e7\u00e3o da Resolu\u00e7\u00e3o n\u00ba 003/2026 da Assembleia Geral do Cons\u00f3rcio Intermunicipal de Sa\u00fade do Vale do Ribeira e Litoral Sul \u2013 Consa\u00fade."}, {"id": "4372", "ano": "2026", "numero": "16", "tipo__sigla": "PLO", "tipo__descricao": "Projeto de Lei Ordin\u00e1ria", "autoria": "Wagner Costa", "texto_original": "http://sapl.pariqueraacu.sp.leg.br/media/sapl/public/materialegislativa/2026/4372/pl_16_2026.pdf", "ementa": "Disp\u00f5e sobre a ratifica\u00e7\u00e3o da Resolu\u00e7\u00e3o n\u00ba 004/2026 da Assembleia Geral do Cons\u00f3rcio Intermunicipal de Sa\u00fade do Vale do Ribeira e Litoral Sul \u2013 Consa\u00fade."}, {"id": "4374", "ano": "2026", "numero": "17", "tipo__sigla": "PLO", "tipo__descricao": "Projeto de Lei Ordin\u00e1ria", "autoria": "Wagner Costa", "texto_original": "http://sapl.pariqueraacu.sp.leg.br/media/sapl/public/materialegislativa/2026/4374/pl_17_2026.pdf", "ementa": "Disp\u00f5e sobre a concess\u00e3o de direito real de uso de bem im\u00f3vel p\u00fablico para a implanta\u00e7\u00e3o e funcionamento da Casa do Artes\u00e3o no munic\u00edpio de Pariquera-A\u00e7u , de acordo com as diretrizes da Lei Org\u00e2nica Municipal e da legisla\u00e7\u00e3o federal pertinente, e d\u00e1 outras provid\u00eancias."}, {"id": "4393", "ano": "2026", "numero": "18", "tipo__sigla": "PLO", "tipo__descricao": "Projeto de Lei Ordin\u00e1ria", "autoria": "Wagner Costa", "texto_original": "http://sapl.pariqueraacu.sp.leg.br/media/sapl/public/materialegislativa/2026/4393/pl_18_2026.pdf", "ementa": "Institui a Pol\u00edtica Municipal de Seguran\u00e7a Alimentar e Nutricional Sustent\u00e1vel do munic\u00edpio de Pariquera-A\u00e7u/SP, estabelece os componentes municipais do Sistema Nacional de Seguran\u00e7a Alimentar e Nutricional \u2013 SISAN, criado pela Lei Federal n\u00ba 11.346, de 15 de setembro de 2006, bem como fixa as diretrizes para o Plano Municipal de Seguran\u00e7a Alimentar e Nutricional."}, {"id": "4410", "ano": "2026", "numero": "19", "tipo__sigla": "PLO", "tipo__descricao": "Projeto de Lei Ordin\u00e1ria", "autoria": "Wagner Costa", "texto_original": "http://sapl.pariqueraacu.sp.leg.br/media/sapl/public/materialegislativa/2026/4410/pl_19_2026.pdf", "ementa": "Disp\u00f5e sobre a concess\u00e3o de uso de espa\u00e7os destinados \u00e0 instala\u00e7\u00e3o e explora\u00e7\u00e3o de restaurantes tem\u00e1ticos das culturas italiana, brasileira e japonesa no Centro de Eventos dos Imigrantes, no munic\u00edpio de Pariquera-A\u00e7u, e d\u00e1 outras provid\u00eancias."}, {"id": "4394", "ano": "2026", "numero": "20", "tipo__sigla": "PLO", "tipo__descricao": "Projeto de Lei Ordin\u00e1ria", "autoria": "Wagner Costa", "texto_original": "http://sapl.pariqueraacu.sp.leg.br/media/sapl/public/materialegislativa/2026/4394/pl_20_2026.pdf", "ementa": "Autoriza a abertura de cr\u00e9dito adicional suplementar e d\u00e1 outras provid\u00eancias."}, {"id": "4412", "ano": "2026", "numero": "21", "tipo__sigla": "PLO", "tipo__descricao": "Projeto de Lei Ordin\u00e1ria", "autoria": "Wagner Costa", "texto_original": "http://sapl.pariqueraacu.sp.leg.br/media/sapl/public/materialegislativa/2026/4412/pl_21_2026.pdf", "ementa": "Altera dispositivos da lei municipal n\u00ba 041/98, que disp\u00f5e sobre incentivo \u00e0 instala\u00e7\u00e3o de hot\u00e9is, hospedagens e similares, e d\u00e1 outras provid\u00eancias."}, {"id": "4436", "ano": "2026", "numero": "23", "tipo__sigla": "PLO", "tipo__descricao": "Projeto de Lei Ordin\u00e1ria", "autoria": "Wagner Costa", "texto_original": "http://sapl.pariqueraacu.sp.leg.br/media/sapl/public/materialegislativa/2026/4436/ldo_2026.pdf", "ementa": "Disp\u00f5e sobre as Diretrizes Or\u00e7ament\u00e1rias para elabora\u00e7\u00e3o e execu\u00e7\u00e3o da Lei Or\u00e7ament\u00e1ria para o exerc\u00edcio financeiro de 2027, e d\u00e1 outras provid\u00eancias"}, {"id": "4435", "ano": "2026", "numero": "24", "tipo__sigla": "PLO", "tipo__descricao": "Projeto de Lei Ordin\u00e1ria", "autoria": "Wagner Costa", "texto_original": "http://sapl.pariqueraacu.sp.leg.br/media/sapl/public/materialegislativa/2026/4435/pl_24_2026.pdf", "ementa": "Disp\u00f5e sobre ratifica\u00e7\u00e3o da Resolu\u00e7\u00e3o n\u00ba 007/2026 da Assembleia Geral do Cons\u00f3rcio Intermunicipal de Sa\u00fade do Vale do Ribeira e Litoral Sul \u2013 Consa\u00fade"}, {"id": "4414", "ano": "2026", "numero": "1", "tipo__sigla": "PRE", "tipo__descricao": "Projeto de Resolu\u00e7\u00e3o", "autoria": "Mesa Diretora", "texto_original": "http://sapl.pariqueraacu.sp.leg.br/media/sapl/public/materialegislativa/2026/4414/pres_01_2026.pdf", "ementa": "Estabelece compensa\u00e7\u00e3o financeira por atua\u00e7\u00e3o em comiss\u00f5es tempor\u00e1rias, no \u00e2mbito do \u00f3rg\u00e3o, e d\u00e1 outras provid\u00eancias"}]}