{"id":4433,"__str__":"Requerimento n\u00ba 13 de 2026","link_detail_backend":"/materia/4433","metadata":{"signs":{"texto_original":{}}},"numero":13,"ano":2026,"numero_protocolo":null,"data_apresentacao":"2026-04-15","tipo_apresentacao":"","data_publicacao":null,"numero_origem_externa":"","ano_origem_externa":null,"data_origem_externa":null,"apelido":"","dias_prazo":null,"data_fim_prazo":null,"em_tramitacao":true,"polemica":false,"objeto":"","complementar":false,"ementa":"Solicita a convoca\u00e7\u00e3o da Secret\u00e1ria de Educa\u00e7\u00e3o do Munic\u00edpio para tratar de assuntos referentes \u00e0s escolas da rede p\u00fablica de ensino,","indexacao":"\u2588 Convoca\u00e7\u00e3o\r\n\u2588","observacao":"\u2022\u2022\u2022\u2022\u2022\u2022\u2022\u2022\u2022\u2022\u2022\u2022","resultado":"","texto_original":"http://sapl.pariqueraacu.sp.leg.br/media/sapl/public/materialegislativa/2026/4433/req_13__2026.pdf","data_ultima_atualizacao":"2026-04-24T09:16:31.507000-03:00","ip":"143.208.91.206","ultima_edicao":"2026-04-24T09:16:31.163403-03:00","tipo":3,"regime_tramitacao":1,"tipo_origem_externa":null,"local_origem_externa":null,"user":39,"anexadas":[],"autores":[59,63,62,61]}