{"id":4421,"__str__":"Projeto de Decreto Legislativo n\u00ba 3 de 2026","link_detail_backend":"/materia/4421","metadata":{},"numero":3,"ano":2026,"numero_protocolo":null,"data_apresentacao":"2026-03-31","tipo_apresentacao":"E","data_publicacao":null,"numero_origem_externa":"","ano_origem_externa":null,"data_origem_externa":null,"apelido":"","dias_prazo":null,"data_fim_prazo":null,"em_tramitacao":true,"polemica":false,"objeto":"","complementar":false,"ementa":"Disp\u00f5e sobre a concess\u00e3o do t\u00edtulo honor\u00edfico de Cidad\u00e3o Pariquerense ao Senhor Idomeu de Ramos Dias","indexacao":"\u2588  Cidad\u00e3o Pariquerense\r\n\u2588  Idomeu de Ramos Dias","observacao":"\u2022\u2022\u2022\u2022\u2022\u2022\u2022\u2022\u2022\u2022\u2022\u2022","resultado":"","texto_original":"http://sapl.pariqueraacu.sp.leg.br/media/sapl/public/materialegislativa/2026/4421/subs_pdl_03_2026.pdf","data_ultima_atualizacao":"2026-04-24T09:51:18.511374-03:00","ip":"143.208.91.206","ultima_edicao":"2026-04-24T09:51:18.325620-03:00","tipo":6,"regime_tramitacao":1,"tipo_origem_externa":null,"local_origem_externa":null,"user":39,"anexadas":[],"autores":[29]}