{"id":4168,"__str__":"Projeto de Lei Ordin\u00e1ria n\u00ba 20 de 2025","link_detail_backend":"/materia/4168","metadata":{},"numero":20,"ano":2025,"numero_protocolo":null,"data_apresentacao":"2025-08-05","tipo_apresentacao":"E","data_publicacao":null,"numero_origem_externa":"","ano_origem_externa":null,"data_origem_externa":null,"apelido":"","dias_prazo":null,"data_fim_prazo":null,"em_tramitacao":false,"polemica":false,"objeto":"","complementar":false,"ementa":"Disp\u00f5e sobre denomina\u00e7\u00e3o da Rua Sem Sa\u00edda, do Bairro Jardim das Ac\u00e1cias, e d\u00e1 outras provid\u00eancias","indexacao":"\u2588  Denomina rua\r\n\u2588  Tadeu Franco Belache","observacao":"_____________________________________","resultado":"","texto_original":"http://sapl.pariqueraacu.sp.leg.br/media/sapl/public/materialegislativa/2025/4168/projeto_de_lei_n_20_2025_denominacao_de_rua_ocred.pdf","data_ultima_atualizacao":"2025-09-09T10:23:02.243648-03:00","ip":"179.0.124.24","ultima_edicao":"2025-08-26T11:40:59.918266-03:00","tipo":1,"regime_tramitacao":1,"tipo_origem_externa":null,"local_origem_externa":null,"user":39,"anexadas":[],"autores":[41]}