{"id":3555,"__str__":"Projeto de Lei Complementar n\u00ba 6 de 2023","link_detail_backend":"/materia/3555","metadata":{"signs":{"texto_original":{"admin":[],"autores":[["Wagner Bento da Costa",["2023-12-11T16:27:53-03:00","ICP-Brasil - Certificado PF A3"]]]}}},"numero":6,"ano":2023,"numero_protocolo":null,"data_apresentacao":"2023-12-12","tipo_apresentacao":"E","data_publicacao":null,"numero_origem_externa":"","ano_origem_externa":null,"data_origem_externa":null,"apelido":"Plano Diretor","dias_prazo":null,"data_fim_prazo":null,"em_tramitacao":false,"polemica":false,"objeto":"","complementar":false,"ementa":"Estabelece o Plano Diretor do Munic\u00edpio de Pariquera-A\u00e7u e d\u00e1 outras provid\u00eancias.","indexacao":"Plano Diretor","observacao":"","resultado":"","texto_original":"http://sapl.pariqueraacu.sp.leg.br/media/sapl/public/materialegislativa/2023/3555/projeto_de_lei_complementar_006_2023_plano_diretor.pdf","data_ultima_atualizacao":"2024-03-26T16:50:04.537791-03:00","ip":"179.0.124.24","ultima_edicao":"2024-01-02T09:40:17.517593-03:00","tipo":5,"regime_tramitacao":1,"tipo_origem_externa":null,"local_origem_externa":null,"user":39,"anexadas":[],"autores":[41]}