{"id":3544,"__str__":"Indica\u00e7\u00e3o n\u00ba 106 de 2023","link_detail_backend":"/materia/3544","metadata":{},"numero":106,"ano":2023,"numero_protocolo":null,"data_apresentacao":"2023-09-14","tipo_apresentacao":"E","data_publicacao":null,"numero_origem_externa":"","ano_origem_externa":null,"data_origem_externa":null,"apelido":"Placa de tr\u00e2nsito","dias_prazo":null,"data_fim_prazo":null,"em_tramitacao":false,"polemica":false,"objeto":"","complementar":false,"ementa":"Ao Senhor Prefeito Municipal, por meio do departamento respons\u00e1vel, qual seria a possibilidade de se colocar uma placa \u201cproibido estacionar\u201d exceto ve\u00edculo que transportam pacientes ou ve\u00edculo da sa\u00fade\" que seria instalada na Avenida Fernando Costa em frente ao port\u00e3o lateral do AME lado esquerdo, trecho da UBS municipal at\u00e9 a esquina com a rua dos expedicion\u00e1rios.","indexacao":"Sinaliza\u00e7\u00e3o de tr\u00e2nsito, proibido estacionar, \r\nAvenida Fernando Costa","observacao":"","resultado":"","texto_original":"http://sapl.pariqueraacu.sp.leg.br/media/sapl/public/materialegislativa/2023/3544/i_106_transito_evt.doc","data_ultima_atualizacao":"2023-12-15T09:10:49.614401-03:00","ip":"179.0.124.24","ultima_edicao":"2023-12-15T08:57:58.614759-03:00","tipo":8,"regime_tramitacao":1,"tipo_origem_externa":null,"local_origem_externa":null,"user":39,"anexadas":[],"autores":[51]}