{"id":3505,"__str__":"Indica\u00e7\u00e3o n\u00ba 101 de 2023","link_detail_backend":"/materia/3505","metadata":{},"numero":101,"ano":2023,"numero_protocolo":null,"data_apresentacao":"2023-09-06","tipo_apresentacao":"E","data_publicacao":"2023-10-06","numero_origem_externa":"","ano_origem_externa":null,"data_origem_externa":null,"apelido":"sa\u00fade mental dos funcion\u00e1rios p\u00fablicos","dias_prazo":null,"data_fim_prazo":null,"em_tramitacao":true,"polemica":false,"objeto":"","complementar":false,"ementa":"Sobre a possibilidade de designar um profissional em sa\u00fade mental aos funcion\u00e1rios p\u00fablicos do Munic\u00edpio.","indexacao":"Sa\u00fade mental, Funcion\u00e1rios p\u00fablicos","observacao":"","resultado":"","texto_original":"http://sapl.pariqueraacu.sp.leg.br/media/sapl/public/materialegislativa/2023/3505/i_101_saude_mental_ca.doc","data_ultima_atualizacao":"2023-10-19T11:36:20.575133-03:00","ip":"179.0.124.24","ultima_edicao":"2023-10-19T11:07:23.750258-03:00","tipo":8,"regime_tramitacao":1,"tipo_origem_externa":null,"local_origem_externa":null,"user":39,"anexadas":[],"autores":[36]}