{"id":3487,"__str__":"Indica\u00e7\u00e3o n\u00ba 90 de 2023","link_detail_backend":"/materia/3487","metadata":{},"numero":90,"ano":2023,"numero_protocolo":null,"data_apresentacao":"2023-08-03","tipo_apresentacao":"","data_publicacao":null,"numero_origem_externa":"","ano_origem_externa":null,"data_origem_externa":null,"apelido":"Ilumina\u00e7\u00e3o P\u00fablica","dias_prazo":null,"data_fim_prazo":null,"em_tramitacao":false,"polemica":false,"objeto":"","complementar":false,"ementa":"A manuten\u00e7\u00e3o da ilumina\u00e7\u00e3o p\u00fablica em pontos escuros na Rua dos Expedicion\u00e1rios, entre o Hospital Regional Leopoldo Bevilacqua e o AME","indexacao":"Ilumina\u00e7\u00e3o p\u00fablica; Rua dos Expedicion\u00e1rios","observacao":"","resultado":"","texto_original":"http://sapl.pariqueraacu.sp.leg.br/media/sapl/public/materialegislativa/2023/3487/i_90_iluminacao_ev.doc","data_ultima_atualizacao":"2023-08-16T09:58:31.310732-03:00","ip":"179.0.124.24","ultima_edicao":"2023-08-16T09:57:00.730455-03:00","tipo":8,"regime_tramitacao":1,"tipo_origem_externa":null,"local_origem_externa":null,"user":39,"anexadas":[],"autores":[51]}