{"id":3486,"__str__":"Indica\u00e7\u00e3o n\u00ba 89 de 2023","link_detail_backend":"/materia/3486","metadata":{},"numero":89,"ano":2023,"numero_protocolo":null,"data_apresentacao":"2023-08-03","tipo_apresentacao":"E","data_publicacao":null,"numero_origem_externa":"","ano_origem_externa":2023,"data_origem_externa":null,"apelido":"Pontos de lumin\u00e1rias","dias_prazo":null,"data_fim_prazo":null,"em_tramitacao":false,"polemica":false,"objeto":"","complementar":false,"ementa":"a necessidade de ilumina\u00e7\u00e3o p\u00fablica entre a entrada principal do cemit\u00e9rio e a entrada do vel\u00f3rio municipal, bem como a instala\u00e7\u00e3o de duas l\u00e2mpadas no jardim com o corredor que d\u00e1 acesso ao vel\u00f3rio municipal","indexacao":"Ilumina\u00e7\u00e3o p\u00fablica; Lumin\u00e1ria;  Cemit\u00e9rio; Vel\u00f3rio municipal","observacao":"","resultado":"","texto_original":"http://sapl.pariqueraacu.sp.leg.br/media/sapl/public/materialegislativa/2023/3486/i_89_iluminacao_ev.doc","data_ultima_atualizacao":"2023-08-16T09:52:44.861369-03:00","ip":"179.0.124.24","ultima_edicao":"2023-08-16T09:49:06.104642-03:00","tipo":8,"regime_tramitacao":1,"tipo_origem_externa":null,"local_origem_externa":null,"user":39,"anexadas":[],"autores":[51]}