{"id":3229,"__str__":"Projeto de Lei Ordin\u00e1ria n\u00ba 16 de 2022","link_detail_backend":"/materia/3229","metadata":{},"numero":16,"ano":2022,"numero_protocolo":null,"data_apresentacao":"2022-07-08","tipo_apresentacao":"E","data_publicacao":null,"numero_origem_externa":"","ano_origem_externa":null,"data_origem_externa":null,"apelido":"","dias_prazo":null,"data_fim_prazo":null,"em_tramitacao":true,"polemica":false,"objeto":"","complementar":false,"ementa":"Disp\u00f5e sobre adequa\u00e7\u00e3o da refer\u00eancia, nos termos do piso nacional dos Agentes Comunit\u00e1rios de Sa\u00fade e Combate \u00e0s Endemias, estabelecido pelo Minist\u00e9rio da Sa\u00fade","indexacao":"Agentes Comunit\u00e1rios de Sa\u00fade e Combate \u00e0s Endemias; Adequa\u00e7\u00e3o da Refer\u00eancia","observacao":"","resultado":"","texto_original":"http://sapl.pariqueraacu.sp.leg.br/media/sapl/public/materialegislativa/2022/3229/projeto_de_lei_16_2022_exec.pdf","data_ultima_atualizacao":"2022-07-15T08:46:58.635646-03:00","ip":"191.37.149.87","ultima_edicao":"2022-07-14T09:45:15.416819-03:00","tipo":1,"regime_tramitacao":2,"tipo_origem_externa":null,"local_origem_externa":null,"user":39,"anexadas":[],"autores":[41]}