{"id":3194,"__str__":"Requerimento n\u00ba 42 de 2022","link_detail_backend":"/materia/3194","metadata":{},"numero":42,"ano":2022,"numero_protocolo":null,"data_apresentacao":"2022-05-25","tipo_apresentacao":"E","data_publicacao":null,"numero_origem_externa":"","ano_origem_externa":null,"data_origem_externa":null,"apelido":"","dias_prazo":null,"data_fim_prazo":null,"em_tramitacao":false,"polemica":false,"objeto":"","complementar":false,"ementa":"ao Excelent\u00edssimo Senhor Deputado Estadual Jorge Caruso realize gest\u00e3o junto ao Governo Estadual a fim de formalizar o conv\u00eanio \u201cNossa Rua\u201d com o Munic\u00edpio de Pariquera-A\u00e7u/SP, contemplando a Rua Nagir Dion\u00edsio Ferreira, Jardim S\u00e3o Carlos, e a Rua Carolina Buzzi, Vila Clementina.","indexacao":"","observacao":"","resultado":"","texto_original":"http://sapl.pariqueraacu.sp.leg.br/media/sapl/public/materialegislativa/2022/3194/r_42.doc","data_ultima_atualizacao":"2022-05-31T11:09:28.880330-03:00","ip":"191.37.149.87","ultima_edicao":"2022-05-31T11:01:37.090813-03:00","tipo":3,"regime_tramitacao":1,"tipo_origem_externa":null,"local_origem_externa":null,"user":29,"anexadas":[],"autores":[34]}