{"id":3088,"__str__":"Mo\u00e7\u00e3o n\u00ba 3 de 2022","link_detail_backend":"/materia/3088","metadata":{},"numero":3,"ano":2022,"numero_protocolo":null,"data_apresentacao":"2022-03-24","tipo_apresentacao":"E","data_publicacao":null,"numero_origem_externa":"","ano_origem_externa":null,"data_origem_externa":null,"apelido":"","dias_prazo":null,"data_fim_prazo":null,"em_tramitacao":false,"polemica":false,"objeto":"","complementar":false,"ementa":"MO\u00c7\u00c3O DE APOIO ao Presidente do Senado Federal e \u00e0 Senadora Simone Tebet (MDB), para a aprova\u00e7\u00e3o da Proposta de Emenda \u00e0 Constitui\u00e7\u00e3o - PEC 22/11, que estabelece o piso salarial aos Agentes Comunit\u00e1rios de Sa\u00fade e aos Agentes de Combate \u00e0s Endemias.","indexacao":"","observacao":"","resultado":"","texto_original":"http://sapl.pariqueraacu.sp.leg.br/media/sapl/public/materialegislativa/2022/3088/m_03.doc","data_ultima_atualizacao":"2022-03-30T09:47:01.426940-03:00","ip":"191.37.149.87","ultima_edicao":"2022-03-30T09:44:05.383978-03:00","tipo":7,"regime_tramitacao":1,"tipo_origem_externa":null,"local_origem_externa":null,"user":29,"anexadas":[],"autores":[34]}