{"id":3037,"__str__":"Indica\u00e7\u00e3o n\u00ba 28 de 2022","link_detail_backend":"/materia/3037","metadata":{},"numero":28,"ano":2022,"numero_protocolo":null,"data_apresentacao":"2022-02-02","tipo_apresentacao":"E","data_publicacao":null,"numero_origem_externa":"","ano_origem_externa":null,"data_origem_externa":null,"apelido":"","dias_prazo":null,"data_fim_prazo":null,"em_tramitacao":false,"polemica":false,"objeto":"","complementar":false,"ementa":"para que, junto ao setor respons\u00e1vel, realize estudos sobre a realiza\u00e7\u00e3o da pavimenta\u00e7\u00e3o asf\u00e1ltica nas seguintes ruas do Jardim S\u00e3o Carlos:\r\n1)Rua Ademar Pereira de Barros;\r\n2)Rua Professor Jos\u00e9 Cilineu Martins;\r\n3)um trecho da Rua Raul Benedito Pacheco Fernandes;\r\n4)Rua Maria Beline Barduco;\r\n5)e o restante da Rua M\u00e1ximo Zanella.","indexacao":"","observacao":"","resultado":"","texto_original":"http://sapl.pariqueraacu.sp.leg.br/media/sapl/public/materialegislativa/2022/3037/i_28.doc","data_ultima_atualizacao":"2022-02-07T12:04:14.935691-03:00","ip":"191.37.146.140","ultima_edicao":"2022-02-07T12:03:36.456487-03:00","tipo":8,"regime_tramitacao":1,"tipo_origem_externa":null,"local_origem_externa":null,"user":29,"anexadas":[],"autores":[29]}