{"id":2145,"__str__":"Requerimento n\u00ba 11 de 2020","link_detail_backend":"/materia/2145","metadata":{},"numero":11,"ano":2020,"numero_protocolo":null,"data_apresentacao":"2020-01-22","tipo_apresentacao":"E","data_publicacao":null,"numero_origem_externa":"","ano_origem_externa":null,"data_origem_externa":null,"apelido":"","dias_prazo":null,"data_fim_prazo":null,"em_tramitacao":false,"polemica":false,"objeto":"","complementar":false,"ementa":"ao Poder Executivo, por meio do Diretor de Administra\u00e7\u00e3o, Sr. Jo\u00e3o Batista de Andrade, informe o seguinte:\r\n\r\n1)Existe algum TAC entre o Poder Executivo e o Minist\u00e9rio P\u00fablico referente \u00e0 causa animal dos anos de 2013 a 2020?\r\n2)Caso a resposta do item \u201c1\u201d seja positiva, enviar c\u00f3pia do TAC existente.","indexacao":"","observacao":"","resultado":"","texto_original":"http://sapl.pariqueraacu.sp.leg.br/media/sapl/public/materialegislativa/2020/2145/r_11.doc","data_ultima_atualizacao":"2020-02-28T13:52:06.435606-03:00","ip":"191.37.149.89","ultima_edicao":null,"tipo":3,"regime_tramitacao":1,"tipo_origem_externa":null,"local_origem_externa":null,"user":29,"anexadas":[],"autores":[26]}