{"id":2074,"__str__":"Indica\u00e7\u00e3o n\u00ba 14 de 2020","link_detail_backend":"/materia/2074","metadata":{},"numero":14,"ano":2020,"numero_protocolo":null,"data_apresentacao":"2020-01-15","tipo_apresentacao":"E","data_publicacao":null,"numero_origem_externa":"","ano_origem_externa":null,"data_origem_externa":null,"apelido":"","dias_prazo":null,"data_fim_prazo":null,"em_tramitacao":false,"polemica":false,"objeto":"","complementar":false,"ementa":"que seja ampliada as salas da Creche da Vila S\u00e3o Jo\u00e3o, assim como, a manuten\u00e7\u00e3o de todos os ar condicionados existente e a instala\u00e7\u00e3o de novos.","indexacao":"","observacao":"","resultado":"","texto_original":"http://sapl.pariqueraacu.sp.leg.br/media/sapl/public/materialegislativa/2020/2074/i_14.doc","data_ultima_atualizacao":"2020-02-21T08:44:44.725685-03:00","ip":"191.37.149.89","ultima_edicao":null,"tipo":8,"regime_tramitacao":1,"tipo_origem_externa":null,"local_origem_externa":null,"user":29,"anexadas":[],"autores":[26]}